{"id":33100,"date":"2023-09-23T07:34:25","date_gmt":"2023-09-23T05:34:25","guid":{"rendered":"https:\/\/hu-care.ch\/tagundnachtgleiche-ein-idealer-zeitpunkt-um-an-der-balance-zu-arbeiten\/"},"modified":"2023-09-23T08:03:12","modified_gmt":"2023-09-23T06:03:12","slug":"tagundnachtgleiche-ein-idealer-zeitpunkt-um-an-der-balance-zu-arbeiten","status":"publish","type":"post","link":"https:\/\/hu-care.ch\/de\/tagundnachtgleiche-ein-idealer-zeitpunkt-um-an-der-balance-zu-arbeiten\/","title":{"rendered":"Tagundnachtgleiche: Ein idealer Zeitpunkt, um an der Balance zu arbeiten&#8230;"},"content":{"rendered":"\t\t<div data-elementor-type=\"wp-post\" data-elementor-id=\"33100\" class=\"elementor elementor-33100 elementor-33074\" data-elementor-post-type=\"post\">\n\t\t\t\t\t\t<section class=\"elementor-section elementor-top-section elementor-element elementor-element-459c5e58 elementor-section-boxed elementor-section-height-default elementor-section-height-default\" data-id=\"459c5e58\" data-element_type=\"section\" data-e-type=\"section\">\n\t\t\t\t\t\t<div class=\"elementor-container elementor-column-gap-default\">\n\t\t\t\t\t<div class=\"elementor-column elementor-col-100 elementor-top-column elementor-element elementor-element-71288c21\" data-id=\"71288c21\" data-element_type=\"column\" data-e-type=\"column\">\n\t\t\t<div class=\"elementor-widget-wrap elementor-element-populated\">\n\t\t\t\t\t\t<div class=\"elementor-element elementor-element-a0c9c2 elementor-widget elementor-widget-text-editor\" data-id=\"a0c9c2\" data-element_type=\"widget\" data-e-type=\"widget\" data-widget_type=\"text-editor.default\">\n\t\t\t\t\t\t\t\t\t<figure data-scrolled=\"\" data-test=\"image-block-v2-outer-wrapper\">\n<div>\n<div data-animation-role=\"image\" data-description=\"\">\n<ul>\n<li style=\"position: relative; overflow: hidden;\">\n<p><noscript><img decoding=\"async\" class=\"sqs-image-min-height\" src=\"https:\/\/hu-care.ch\/wp-content\/uploads\/2023\/02\/L1004456.jpg\" alt=\"\" loading=\"lazy\"><\/noscript><\/p>\n<\/li>\n<\/ul>\n<\/div>\n<\/div><figcaption data-width-ratio=\"\">\n<div>\n<div>\n<div>\n<p style=\"margin-bottom: 10px; color: #505050; font-family: Arial; font-style: normal; caret-color: #000000; text-align: center;\"><span style=\"font-size: 26px; font-family: arial; color: #7d5a50;\"><span style=\"font-weight: bolder;\">Frohe Herbsttagundnachtgleiche an alle!<\/span><\/span><\/p>\n<p style=\"margin-bottom: 10px; color: #505050; font-family: Arial; font-style: normal; caret-color: #000000; text-align: center;\"><span style=\"font-size: 26px; font-family: arial; color: #7d5a50;\"><span style=\"font-weight: bolder;\">23.09.23<\/span><\/span><\/p>\n<\/div>\n<\/div>\n<div>\n<div> <\/div>\n<\/div>\n<\/div>\n<\/figcaption><\/figure>\n<div style=\"flex-basis: var(--flex-basis); flex-grow: var(--flex-grow); flex-shrink: var(--flex-shrink); order: var(--order); align-self: var(--align-self); flex-direction: var(--flex-direction); flex-wrap: var(--flex-wrap); justify-content: var(--justify-content); align-items: var(--align-items); align-content: var(--align-content); gap: var(--gap); display: var(--page-title-display); --swiper-theme-color: #000; --swiper-navigation-size: 44px; --swiper-pagination-bullet-size: 6px; --swiper-pagination-bullet-horizontal-gap: 6px; --widgets-spacing: 20px; width: 1171px; color: #89868d; font-size: 16px; font-weight: 400; white-space-collapse: collapse;\" data-id=\"dd34f9b\" data-element_type=\"widget\" data-widget_type=\"theme-post-title.default\">\n<h3 style=\"font-family: var(--secondary-font); caret-color: #000000; padding-left: 40px; text-align: center;\"><span style=\"font-size: 24px; color: #7d5a50; font-family: arial;\"><span style=\"font-weight: bolder; line-height: 36px;\">M\u00f6ge dies ein Moment der Sch\u00f6nheit, der Besinnung und der inneren Transformation f\u00fcr jede\/n von Ihnen sein.<\/span><\/span><\/h3>\n<div style=\"color: #505050; font-family: Arial; font-size: 14px; caret-color: #000000;\">\n<div data-testid=\"conversation-turn-3\"> <\/div>\n<\/div>\n<div style=\"color: #505050; font-family: Arial; font-size: 14px; caret-color: #000000;\">\n<form>\n<p style=\"margin-bottom: 10px; text-align: justify;\">Wir stehen <span style=\"font-weight: bolder;\">heute<\/span> an einer wunderbaren Schwelle, der <span style=\"font-weight: bolder;\">Herbst-Tagundnachtgleiche,<\/span>dem Moment des Gleichgewichts zwischen dem Licht des Tages und der Dunkelheit der Nacht. An diesem besonderen Tag, an dem die Sonne friedlich \u00fcber dem \u00c4quator steht und ihr Licht gleichm\u00e4\u00dfig auf beide Hemisph\u00e4ren verteilt, sollten <span style=\"font-weight: bolder;\">wir uns die Zeit nehmen<\/span>, die universelle Botschaft des <span style=\"font-weight: bolder;\">Gleichgewichts<\/span> und der <span style=\"font-weight: bolder;\">Transformation<\/span> zu betrachten.<\/p>\n<p style=\"margin-bottom: 10px;\">Wir alle sind eingeladen, nachzudenken, unser <span style=\"font-weight: bolder;\">Gleichgewicht wiederherzustellen<\/span> und uns wieder mit unserer spirituellen Essenz zu <span style=\"font-weight: bolder;\">verbinden<\/span>.<\/p>\n<p style=\"margin-bottom: 10px;\">Die Tagundnachtgleiche ist nicht nur ein astronomisches Ph\u00e4nomen; sie ist auch ein tiefgr\u00fcndiges Symbol, das uns viele spirituelle Lektionen lehren kann. Er erinnert uns daran, dass das Leben ein st\u00e4ndiges Gleichgewicht ist, ein Hin und Her zwischen Gegens\u00e4tzen, die in Wirklichkeit nur zwei Seiten derselben Medaille sind.<\/p>\n<p style=\"margin-bottom: 10px;\"><span style=\"font-weight: bolder;\">Der Herbst<\/span> wird oft mit <span style=\"font-weight: bolder;\">Ver\u00e4nderung<\/span> in Verbindung gebracht &#8211; die Bl\u00e4tter werden zu bunten Kunstwerken, bevor sie abfallen und die Erde f\u00fcr den n\u00e4chsten Wachstumszyklus n\u00e4hren. Diese Jahreszeit erinnert uns an die <span style=\"font-weight: bolder;\">Sch\u00f6nheit des Loslassens,<\/span> der <span style=\"font-weight: bolder;\">Transformation<\/span> und der <span style=\"font-weight: bolder;\">Vorbereitung auf<\/span>einen neuen Abschnitt unserer spirituellen Reise.<\/p>\n<p style=\"margin-bottom: 10px;\">Das Leben ist ein st\u00e4ndiger Fluss, ein ewiger Tanz zwischen Sch\u00f6pfung und Aufl\u00f6sung, Anh\u00e4ufung und Losl\u00f6sung. Die Herbst-Tagundnachtgleiche bietet uns die Gelegenheit, eine Bilanz dessen zu ziehen, was wir in den w\u00e4rmeren und helleren Monaten gesammelt haben. Was haben Sie gelernt? Welche Erfahrungen wollen Sie in sich integrieren? Und vor allem: Was hat seinen Zyklus beendet und bedarf nun der Befreiung?<\/p>\n<p style=\"margin-bottom: 10px;\">Wenn die Tage k\u00fcrzer und die N\u00e4chte l\u00e4nger werden, sollten wir uns daran erinnern, dass die Dunkelheit nicht unser Feind ist. Sie ist ein heiliger Raum, eine leere Leinwand, auf der unser inneres Licht wirklich leuchten kann. Es sind oft die Momente der Stille, der Ruhe und des R\u00fcckzugs, in denen unser Geist Klarheit, unser Herz Frieden und unsere Seele Weisheit findet.<\/p>\n<p style=\"margin-bottom: 10px;\">Es ist ein perfekter Zeitpunkt, um sich in Meditation zu setzen, eine Kerze anzuz\u00fcnden und vielleicht sogar zu schreiben. \u00dcberlegen Sie, welche Samen Sie im Fr\u00fchling ges\u00e4t haben, welche Fr\u00fcchte Sie im Sommer geerntet haben und was Sie nun weitergeben m\u00f6chten.<\/p>\n<p style=\"margin-bottom: 10px;\"><span style=\"font-weight: bolder;\">Erw\u00e4gen Sie, sich heute Zeit zu nehmen, um in Stille zu sitzen, Ihr Leben mit Dankbarkeit zu betrachten, neue Vors\u00e4tze zu setzen oder einfach in der Gegenwart des G\u00f6ttlichen zu sein, in welcher Form auch immer Sie es sich vorstellen. Die Energien des Gleichgewichts, die sich zur Tagundnachtgleiche zeigen, k\u00f6nnen als starker Katalysator f\u00fcr Ihre eigene Transformation und Heilung dienen.<\/span><\/p>\n<p style=\"margin-bottom: 10px;\">Vielleicht k\u00f6nnen Sie diesen Tag auch nutzen, um sich wieder mit der Natur zu verbinden. Machen Sie einen Spaziergang im Wald, tauchen Sie Ihre F\u00fc\u00dfe in einen Wasserlauf oder schauen Sie sogar einfach nur in den Himmel &#8211; und erinnern Sie sich daran, dass wir alle durch das wundersch\u00f6ne und komplexe Netz des Lebens miteinander verbunden sind.<\/p>\n<p style=\"margin-bottom: 10px;\">An diesem Tag der Tagundnachtgleiche w\u00fcnsche ich Ihnen allen tiefen Frieden, harmonisches Gleichgewicht und eine erneute Verbindung mit Ihrer eigenen Essenz.<\/p>\n<p style=\"margin-bottom: 10px;\"><span style=\"color: #7d5a50;\"><span style=\"font-weight: bolder;\">M\u00f6gen Ihre Herzen leicht und Ihr Geist klar sein, und m\u00f6gen Sie in diesem kosmischen Gleichgewicht die Inspiration finden, jeden Tag wie ein kostbares Geschenk zu erleben.<\/span><\/span><\/p>\n<p style=\"margin-bottom: 10px;\">Frohe Tagundnachtgleiche an alle!<\/p>\n<p style=\"margin-bottom: 10px;\">In tiefer Dankbarkeit,<\/p>\n<\/form>\n<\/div>\n<div style=\"transition: background .3s,border .3s,border-radius .3s,box-shadow .3s,transform var(--e-transform-transition-duration,.4s);\"><span style=\"color: #505050; font-family: Arial; font-size: 14px; caret-color: #000000; letter-spacing: var(--letter-spacing);\">Natacha<\/span> <\/div>\n<\/div>\n\t\t\t\t\t\t\t\t<\/div>\n\t\t\t\t\t<\/div>\n\t\t<\/div>\n\t\t\t\t\t<\/div>\n\t\t<\/section>\n\t\t\t\t<section class=\"elementor-section elementor-top-section elementor-element elementor-element-75f63e7 elementor-section-boxed elementor-section-height-default elementor-section-height-default\" data-id=\"75f63e7\" data-element_type=\"section\" data-e-type=\"section\">\n\t\t\t\t\t\t<div class=\"elementor-container elementor-column-gap-default\">\n\t\t\t\t\t<div class=\"elementor-column elementor-col-50 elementor-top-column elementor-element elementor-element-02d410c\" data-id=\"02d410c\" data-element_type=\"column\" data-e-type=\"column\">\n\t\t\t<div class=\"elementor-widget-wrap elementor-element-populated\">\n\t\t\t\t\t\t<div class=\"elementor-element elementor-element-5e6b788 elementor-widget elementor-widget-image\" data-id=\"5e6b788\" data-element_type=\"widget\" data-e-type=\"widget\" data-widget_type=\"image.default\">\n\t\t\t\t\t\t\t\t\t\t\t\t\t\t\t<img fetchpriority=\"high\" decoding=\"async\" width=\"800\" height=\"534\" src=\"https:\/\/hu-care.ch\/wp-content\/uploads\/2023\/09\/spacex-p-KCm6xB9I-unsplash-1024x683.jpeg\" class=\"attachment-large size-large wp-image-33088\" alt=\"\" srcset=\"https:\/\/hu-care.ch\/wp-content\/uploads\/2023\/09\/spacex-p-KCm6xB9I-unsplash-1024x683.jpeg 1024w, https:\/\/hu-care.ch\/wp-content\/uploads\/2023\/09\/spacex-p-KCm6xB9I-unsplash-300x200.jpeg 300w, https:\/\/hu-care.ch\/wp-content\/uploads\/2023\/09\/spacex-p-KCm6xB9I-unsplash-768x512.jpeg 768w, https:\/\/hu-care.ch\/wp-content\/uploads\/2023\/09\/spacex-p-KCm6xB9I-unsplash-1536x1024.jpeg 1536w, https:\/\/hu-care.ch\/wp-content\/uploads\/2023\/09\/spacex-p-KCm6xB9I-unsplash-2048x1365.jpeg 2048w, https:\/\/hu-care.ch\/wp-content\/uploads\/2023\/09\/spacex-p-KCm6xB9I-unsplash-600x400.jpeg 600w, https:\/\/hu-care.ch\/wp-content\/uploads\/2023\/09\/spacex-p-KCm6xB9I-unsplash-64x43.jpeg 64w\" sizes=\"(max-width: 800px) 100vw, 800px\" \/>\t\t\t\t\t\t\t\t\t\t\t\t\t\t\t<\/div>\n\t\t\t\t\t<\/div>\n\t\t<\/div>\n\t\t\t\t<div class=\"elementor-column elementor-col-50 elementor-top-column elementor-element elementor-element-4cc78da\" data-id=\"4cc78da\" data-element_type=\"column\" data-e-type=\"column\">\n\t\t\t<div class=\"elementor-widget-wrap elementor-element-populated\">\n\t\t\t\t\t\t<div class=\"elementor-element elementor-element-dd0532f elementor-widget elementor-widget-image\" data-id=\"dd0532f\" data-element_type=\"widget\" data-e-type=\"widget\" data-widget_type=\"image.default\">\n\t\t\t\t\t\t\t\t\t\t\t\t\t\t\t<img decoding=\"async\" width=\"800\" height=\"534\" src=\"https:\/\/hu-care.ch\/wp-content\/uploads\/2023\/09\/greg-rakozy-oMpAz-DN-9I-unsplash-1024x683.jpeg\" class=\"attachment-large size-large wp-image-33085\" alt=\"\" srcset=\"https:\/\/hu-care.ch\/wp-content\/uploads\/2023\/09\/greg-rakozy-oMpAz-DN-9I-unsplash-1024x683.jpeg 1024w, https:\/\/hu-care.ch\/wp-content\/uploads\/2023\/09\/greg-rakozy-oMpAz-DN-9I-unsplash-300x200.jpeg 300w, https:\/\/hu-care.ch\/wp-content\/uploads\/2023\/09\/greg-rakozy-oMpAz-DN-9I-unsplash-768x512.jpeg 768w, https:\/\/hu-care.ch\/wp-content\/uploads\/2023\/09\/greg-rakozy-oMpAz-DN-9I-unsplash-1536x1024.jpeg 1536w, https:\/\/hu-care.ch\/wp-content\/uploads\/2023\/09\/greg-rakozy-oMpAz-DN-9I-unsplash-2048x1365.jpeg 2048w, https:\/\/hu-care.ch\/wp-content\/uploads\/2023\/09\/greg-rakozy-oMpAz-DN-9I-unsplash-600x400.jpeg 600w, https:\/\/hu-care.ch\/wp-content\/uploads\/2023\/09\/greg-rakozy-oMpAz-DN-9I-unsplash-64x43.jpeg 64w\" sizes=\"(max-width: 800px) 100vw, 800px\" \/>\t\t\t\t\t\t\t\t\t\t\t\t\t\t\t<\/div>\n\t\t\t\t\t<\/div>\n\t\t<\/div>\n\t\t\t\t\t<\/div>\n\t\t<\/section>\n\t\t\t\t<\/div>\n\t\t","protected":false},"excerpt":{"rendered":"<p>Tagundnachtgleiche &#8230; Gleichgewicht&#8230;<\/p>\n","protected":false},"author":1,"featured_media":33077,"comment_status":"closed","ping_status":"open","sticky":false,"template":"","format":"standard","meta":{"footnotes":""},"categories":[383,385,198,244,164],"tags":[],"class_list":["post-33100","post","type-post","status-publish","format-standard","has-post-thumbnail","hentry","category-ausbildung","category-beauty-de","category-gesundheit","category-produkte","category-unkategorisiert"],"yoast_head":"<!-- This site is optimized with the Yoast SEO plugin v27.5 - https:\/\/yoast.com\/product\/yoast-seo-wordpress\/ -->\n<title>Tagundnachtgleiche: Ein idealer Zeitpunkt, um an der Balance zu arbeiten... - Hu Care<\/title>\n<meta name=\"description\" content=\"Tagundnachtgleiche: Ein idealer Zeitpunkt, um neue Absichten festzulegen und an der Ausgewogenheit Ihrer Projekte zu arbeiten... Hu Care Alternative Therapien\" \/>\n<meta name=\"robots\" content=\"index, follow, max-snippet:-1, max-image-preview:large, max-video-preview:-1\" \/>\n<link rel=\"canonical\" href=\"https:\/\/hu-care.ch\/de\/tagundnachtgleiche-ein-idealer-zeitpunkt-um-an-der-balance-zu-arbeiten\/\" \/>\n<meta property=\"og:locale\" content=\"de_DE\" \/>\n<meta property=\"og:type\" content=\"article\" \/>\n<meta property=\"og:title\" content=\"Tagundnachtgleiche: Ein idealer Zeitpunkt, um an der Balance zu arbeiten... - Hu Care\" \/>\n<meta property=\"og:description\" content=\"Tagundnachtgleiche: Ein idealer Zeitpunkt, um neue Absichten festzulegen und an der Ausgewogenheit Ihrer Projekte zu arbeiten... Hu Care Alternative Therapien\" \/>\n<meta property=\"og:url\" content=\"https:\/\/hu-care.ch\/de\/tagundnachtgleiche-ein-idealer-zeitpunkt-um-an-der-balance-zu-arbeiten\/\" \/>\n<meta property=\"og:site_name\" content=\"Hu Care\" \/>\n<meta property=\"article:publisher\" content=\"https:\/\/www.facebook.com\/people\/Cabinet-Manaia\/100086857133927\/\" \/>\n<meta property=\"article:published_time\" content=\"2023-09-23T05:34:25+00:00\" \/>\n<meta property=\"article:modified_time\" content=\"2023-09-23T06:03:12+00:00\" \/>\n<meta property=\"og:image\" content=\"https:\/\/hu-care.ch\/wp-content\/uploads\/2023\/09\/louis-maniquet-71QXQUSC_Do-unsplash-scaled-e1695447624339.jpeg\" \/>\n\t<meta property=\"og:image:width\" content=\"1707\" \/>\n\t<meta property=\"og:image:height\" content=\"2560\" \/>\n\t<meta property=\"og:image:type\" content=\"image\/jpeg\" \/>\n<meta name=\"author\" content=\"Natacha\" \/>\n<meta name=\"twitter:card\" content=\"summary_large_image\" \/>\n<meta name=\"twitter:label1\" content=\"Written by\" \/>\n\t<meta name=\"twitter:data1\" content=\"Natacha\" \/>\n\t<meta name=\"twitter:label2\" content=\"Est. reading time\" \/>\n\t<meta name=\"twitter:data2\" content=\"3 minutes\" \/>\n<script type=\"application\/ld+json\" class=\"yoast-schema-graph\">{\"@context\":\"https:\\\/\\\/schema.org\",\"@graph\":[{\"@type\":\"Article\",\"@id\":\"https:\\\/\\\/hu-care.ch\\\/de\\\/tagundnachtgleiche-ein-idealer-zeitpunkt-um-an-der-balance-zu-arbeiten\\\/#article\",\"isPartOf\":{\"@id\":\"https:\\\/\\\/hu-care.ch\\\/de\\\/tagundnachtgleiche-ein-idealer-zeitpunkt-um-an-der-balance-zu-arbeiten\\\/\"},\"author\":{\"name\":\"Natacha\",\"@id\":\"https:\\\/\\\/hu-care.ch\\\/de\\\/#\\\/schema\\\/person\\\/2db6a74e815de91000cc84e21aff9161\"},\"headline\":\"Tagundnachtgleiche: Ein idealer Zeitpunkt, um an der Balance zu arbeiten&#8230;\",\"datePublished\":\"2023-09-23T05:34:25+00:00\",\"dateModified\":\"2023-09-23T06:03:12+00:00\",\"mainEntityOfPage\":{\"@id\":\"https:\\\/\\\/hu-care.ch\\\/de\\\/tagundnachtgleiche-ein-idealer-zeitpunkt-um-an-der-balance-zu-arbeiten\\\/\"},\"wordCount\":581,\"publisher\":{\"@id\":\"https:\\\/\\\/hu-care.ch\\\/de\\\/#organization\"},\"image\":{\"@id\":\"https:\\\/\\\/hu-care.ch\\\/de\\\/tagundnachtgleiche-ein-idealer-zeitpunkt-um-an-der-balance-zu-arbeiten\\\/#primaryimage\"},\"thumbnailUrl\":\"https:\\\/\\\/hu-care.ch\\\/wp-content\\\/uploads\\\/2023\\\/09\\\/louis-maniquet-71QXQUSC_Do-unsplash-scaled-e1695447624339.jpeg\",\"articleSection\":[\"Ausbildung\",\"Beauty\",\"Gesundheit\",\"Produkte\",\"Unkategorisiert\"],\"inLanguage\":\"de-DE\"},{\"@type\":\"WebPage\",\"@id\":\"https:\\\/\\\/hu-care.ch\\\/de\\\/tagundnachtgleiche-ein-idealer-zeitpunkt-um-an-der-balance-zu-arbeiten\\\/\",\"url\":\"https:\\\/\\\/hu-care.ch\\\/de\\\/tagundnachtgleiche-ein-idealer-zeitpunkt-um-an-der-balance-zu-arbeiten\\\/\",\"name\":\"Tagundnachtgleiche: Ein idealer Zeitpunkt, um an der Balance zu arbeiten... - Hu Care\",\"isPartOf\":{\"@id\":\"https:\\\/\\\/hu-care.ch\\\/de\\\/#website\"},\"primaryImageOfPage\":{\"@id\":\"https:\\\/\\\/hu-care.ch\\\/de\\\/tagundnachtgleiche-ein-idealer-zeitpunkt-um-an-der-balance-zu-arbeiten\\\/#primaryimage\"},\"image\":{\"@id\":\"https:\\\/\\\/hu-care.ch\\\/de\\\/tagundnachtgleiche-ein-idealer-zeitpunkt-um-an-der-balance-zu-arbeiten\\\/#primaryimage\"},\"thumbnailUrl\":\"https:\\\/\\\/hu-care.ch\\\/wp-content\\\/uploads\\\/2023\\\/09\\\/louis-maniquet-71QXQUSC_Do-unsplash-scaled-e1695447624339.jpeg\",\"datePublished\":\"2023-09-23T05:34:25+00:00\",\"dateModified\":\"2023-09-23T06:03:12+00:00\",\"description\":\"Tagundnachtgleiche: Ein idealer Zeitpunkt, um neue Absichten festzulegen und an der Ausgewogenheit Ihrer Projekte zu arbeiten... Hu Care Alternative Therapien\",\"breadcrumb\":{\"@id\":\"https:\\\/\\\/hu-care.ch\\\/de\\\/tagundnachtgleiche-ein-idealer-zeitpunkt-um-an-der-balance-zu-arbeiten\\\/#breadcrumb\"},\"inLanguage\":\"de-DE\",\"potentialAction\":[{\"@type\":\"ReadAction\",\"target\":[\"https:\\\/\\\/hu-care.ch\\\/de\\\/tagundnachtgleiche-ein-idealer-zeitpunkt-um-an-der-balance-zu-arbeiten\\\/\"]}]},{\"@type\":\"ImageObject\",\"inLanguage\":\"de-DE\",\"@id\":\"https:\\\/\\\/hu-care.ch\\\/de\\\/tagundnachtgleiche-ein-idealer-zeitpunkt-um-an-der-balance-zu-arbeiten\\\/#primaryimage\",\"url\":\"https:\\\/\\\/hu-care.ch\\\/wp-content\\\/uploads\\\/2023\\\/09\\\/louis-maniquet-71QXQUSC_Do-unsplash-scaled-e1695447624339.jpeg\",\"contentUrl\":\"https:\\\/\\\/hu-care.ch\\\/wp-content\\\/uploads\\\/2023\\\/09\\\/louis-maniquet-71QXQUSC_Do-unsplash-scaled-e1695447624339.jpeg\",\"width\":1707,\"height\":2560},{\"@type\":\"BreadcrumbList\",\"@id\":\"https:\\\/\\\/hu-care.ch\\\/de\\\/tagundnachtgleiche-ein-idealer-zeitpunkt-um-an-der-balance-zu-arbeiten\\\/#breadcrumb\",\"itemListElement\":[{\"@type\":\"ListItem\",\"position\":1,\"name\":\"Accueil\",\"item\":\"https:\\\/\\\/hu-care.ch\\\/de\\\/\"},{\"@type\":\"ListItem\",\"position\":2,\"name\":\"Tagundnachtgleiche: Ein idealer Zeitpunkt, um an der Balance zu arbeiten&#8230;\"}]},{\"@type\":\"WebSite\",\"@id\":\"https:\\\/\\\/hu-care.ch\\\/de\\\/#website\",\"url\":\"https:\\\/\\\/hu-care.ch\\\/de\\\/\",\"name\":\"Natacha Soussan - Hu Care\",\"description\":\"Th\u00e9rapies Compl\u00e9mentaires, Formations, Produits Sant\u00e9\",\"publisher\":{\"@id\":\"https:\\\/\\\/hu-care.ch\\\/de\\\/#organization\"},\"potentialAction\":[{\"@type\":\"SearchAction\",\"target\":{\"@type\":\"EntryPoint\",\"urlTemplate\":\"https:\\\/\\\/hu-care.ch\\\/de\\\/?s={search_term_string}\"},\"query-input\":{\"@type\":\"PropertyValueSpecification\",\"valueRequired\":true,\"valueName\":\"search_term_string\"}}],\"inLanguage\":\"de-DE\"},{\"@type\":\"Organization\",\"@id\":\"https:\\\/\\\/hu-care.ch\\\/de\\\/#organization\",\"name\":\"Hu Care\",\"url\":\"https:\\\/\\\/hu-care.ch\\\/de\\\/\",\"logo\":{\"@type\":\"ImageObject\",\"inLanguage\":\"de-DE\",\"@id\":\"https:\\\/\\\/hu-care.ch\\\/de\\\/#\\\/schema\\\/logo\\\/image\\\/\",\"url\":\"https:\\\/\\\/hu-care.ch\\\/wp-content\\\/uploads\\\/2023\\\/02\\\/hu_care.png\",\"contentUrl\":\"https:\\\/\\\/hu-care.ch\\\/wp-content\\\/uploads\\\/2023\\\/02\\\/hu_care.png\",\"width\":1280,\"height\":1280,\"caption\":\"Hu Care\"},\"image\":{\"@id\":\"https:\\\/\\\/hu-care.ch\\\/de\\\/#\\\/schema\\\/logo\\\/image\\\/\"},\"sameAs\":[\"https:\\\/\\\/www.facebook.com\\\/people\\\/Cabinet-Manaia\\\/100086857133927\\\/\",\"https:\\\/\\\/www.instagram.com\\\/_hu.care_\\\/\",\"https:\\\/\\\/www.linkedin.com\\\/in\\\/natacha-soussan-a96721256\\\/?originalSubdomain=ch\"]},{\"@type\":\"Person\",\"@id\":\"https:\\\/\\\/hu-care.ch\\\/de\\\/#\\\/schema\\\/person\\\/2db6a74e815de91000cc84e21aff9161\",\"name\":\"Natacha\",\"image\":{\"@type\":\"ImageObject\",\"inLanguage\":\"de-DE\",\"@id\":\"https:\\\/\\\/secure.gravatar.com\\\/avatar\\\/9583b178990b8597135b23a04b2762d52c7571877dcf8957b4659e0cc7bf1c17?s=96&d=mm&r=g\",\"url\":\"https:\\\/\\\/secure.gravatar.com\\\/avatar\\\/9583b178990b8597135b23a04b2762d52c7571877dcf8957b4659e0cc7bf1c17?s=96&d=mm&r=g\",\"contentUrl\":\"https:\\\/\\\/secure.gravatar.com\\\/avatar\\\/9583b178990b8597135b23a04b2762d52c7571877dcf8957b4659e0cc7bf1c17?s=96&d=mm&r=g\",\"caption\":\"Natacha\"},\"sameAs\":[\"https:\\\/\\\/hu-care.ch\"]}]}<\/script>\n<!-- \/ Yoast SEO plugin. -->","yoast_head_json":{"title":"Tagundnachtgleiche: Ein idealer Zeitpunkt, um an der Balance zu arbeiten... - Hu Care","description":"Tagundnachtgleiche: Ein idealer Zeitpunkt, um neue Absichten festzulegen und an der Ausgewogenheit Ihrer Projekte zu arbeiten... Hu Care Alternative Therapien","robots":{"index":"index","follow":"follow","max-snippet":"max-snippet:-1","max-image-preview":"max-image-preview:large","max-video-preview":"max-video-preview:-1"},"canonical":"https:\/\/hu-care.ch\/de\/tagundnachtgleiche-ein-idealer-zeitpunkt-um-an-der-balance-zu-arbeiten\/","og_locale":"de_DE","og_type":"article","og_title":"Tagundnachtgleiche: Ein idealer Zeitpunkt, um an der Balance zu arbeiten... - Hu Care","og_description":"Tagundnachtgleiche: Ein idealer Zeitpunkt, um neue Absichten festzulegen und an der Ausgewogenheit Ihrer Projekte zu arbeiten... Hu Care Alternative Therapien","og_url":"https:\/\/hu-care.ch\/de\/tagundnachtgleiche-ein-idealer-zeitpunkt-um-an-der-balance-zu-arbeiten\/","og_site_name":"Hu Care","article_publisher":"https:\/\/www.facebook.com\/people\/Cabinet-Manaia\/100086857133927\/","article_published_time":"2023-09-23T05:34:25+00:00","article_modified_time":"2023-09-23T06:03:12+00:00","og_image":[{"width":1707,"height":2560,"url":"https:\/\/hu-care.ch\/wp-content\/uploads\/2023\/09\/louis-maniquet-71QXQUSC_Do-unsplash-scaled-e1695447624339.jpeg","type":"image\/jpeg"}],"author":"Natacha","twitter_card":"summary_large_image","twitter_misc":{"Written by":"Natacha","Est. reading time":"3 minutes"},"schema":{"@context":"https:\/\/schema.org","@graph":[{"@type":"Article","@id":"https:\/\/hu-care.ch\/de\/tagundnachtgleiche-ein-idealer-zeitpunkt-um-an-der-balance-zu-arbeiten\/#article","isPartOf":{"@id":"https:\/\/hu-care.ch\/de\/tagundnachtgleiche-ein-idealer-zeitpunkt-um-an-der-balance-zu-arbeiten\/"},"author":{"name":"Natacha","@id":"https:\/\/hu-care.ch\/de\/#\/schema\/person\/2db6a74e815de91000cc84e21aff9161"},"headline":"Tagundnachtgleiche: Ein idealer Zeitpunkt, um an der Balance zu arbeiten&#8230;","datePublished":"2023-09-23T05:34:25+00:00","dateModified":"2023-09-23T06:03:12+00:00","mainEntityOfPage":{"@id":"https:\/\/hu-care.ch\/de\/tagundnachtgleiche-ein-idealer-zeitpunkt-um-an-der-balance-zu-arbeiten\/"},"wordCount":581,"publisher":{"@id":"https:\/\/hu-care.ch\/de\/#organization"},"image":{"@id":"https:\/\/hu-care.ch\/de\/tagundnachtgleiche-ein-idealer-zeitpunkt-um-an-der-balance-zu-arbeiten\/#primaryimage"},"thumbnailUrl":"https:\/\/hu-care.ch\/wp-content\/uploads\/2023\/09\/louis-maniquet-71QXQUSC_Do-unsplash-scaled-e1695447624339.jpeg","articleSection":["Ausbildung","Beauty","Gesundheit","Produkte","Unkategorisiert"],"inLanguage":"de-DE"},{"@type":"WebPage","@id":"https:\/\/hu-care.ch\/de\/tagundnachtgleiche-ein-idealer-zeitpunkt-um-an-der-balance-zu-arbeiten\/","url":"https:\/\/hu-care.ch\/de\/tagundnachtgleiche-ein-idealer-zeitpunkt-um-an-der-balance-zu-arbeiten\/","name":"Tagundnachtgleiche: Ein idealer Zeitpunkt, um an der Balance zu arbeiten... - Hu Care","isPartOf":{"@id":"https:\/\/hu-care.ch\/de\/#website"},"primaryImageOfPage":{"@id":"https:\/\/hu-care.ch\/de\/tagundnachtgleiche-ein-idealer-zeitpunkt-um-an-der-balance-zu-arbeiten\/#primaryimage"},"image":{"@id":"https:\/\/hu-care.ch\/de\/tagundnachtgleiche-ein-idealer-zeitpunkt-um-an-der-balance-zu-arbeiten\/#primaryimage"},"thumbnailUrl":"https:\/\/hu-care.ch\/wp-content\/uploads\/2023\/09\/louis-maniquet-71QXQUSC_Do-unsplash-scaled-e1695447624339.jpeg","datePublished":"2023-09-23T05:34:25+00:00","dateModified":"2023-09-23T06:03:12+00:00","description":"Tagundnachtgleiche: Ein idealer Zeitpunkt, um neue Absichten festzulegen und an der Ausgewogenheit Ihrer Projekte zu arbeiten... Hu Care Alternative Therapien","breadcrumb":{"@id":"https:\/\/hu-care.ch\/de\/tagundnachtgleiche-ein-idealer-zeitpunkt-um-an-der-balance-zu-arbeiten\/#breadcrumb"},"inLanguage":"de-DE","potentialAction":[{"@type":"ReadAction","target":["https:\/\/hu-care.ch\/de\/tagundnachtgleiche-ein-idealer-zeitpunkt-um-an-der-balance-zu-arbeiten\/"]}]},{"@type":"ImageObject","inLanguage":"de-DE","@id":"https:\/\/hu-care.ch\/de\/tagundnachtgleiche-ein-idealer-zeitpunkt-um-an-der-balance-zu-arbeiten\/#primaryimage","url":"https:\/\/hu-care.ch\/wp-content\/uploads\/2023\/09\/louis-maniquet-71QXQUSC_Do-unsplash-scaled-e1695447624339.jpeg","contentUrl":"https:\/\/hu-care.ch\/wp-content\/uploads\/2023\/09\/louis-maniquet-71QXQUSC_Do-unsplash-scaled-e1695447624339.jpeg","width":1707,"height":2560},{"@type":"BreadcrumbList","@id":"https:\/\/hu-care.ch\/de\/tagundnachtgleiche-ein-idealer-zeitpunkt-um-an-der-balance-zu-arbeiten\/#breadcrumb","itemListElement":[{"@type":"ListItem","position":1,"name":"Accueil","item":"https:\/\/hu-care.ch\/de\/"},{"@type":"ListItem","position":2,"name":"Tagundnachtgleiche: Ein idealer Zeitpunkt, um an der Balance zu arbeiten&#8230;"}]},{"@type":"WebSite","@id":"https:\/\/hu-care.ch\/de\/#website","url":"https:\/\/hu-care.ch\/de\/","name":"Natacha Soussan - Hu Care","description":"Th\u00e9rapies Compl\u00e9mentaires, Formations, Produits Sant\u00e9","publisher":{"@id":"https:\/\/hu-care.ch\/de\/#organization"},"potentialAction":[{"@type":"SearchAction","target":{"@type":"EntryPoint","urlTemplate":"https:\/\/hu-care.ch\/de\/?s={search_term_string}"},"query-input":{"@type":"PropertyValueSpecification","valueRequired":true,"valueName":"search_term_string"}}],"inLanguage":"de-DE"},{"@type":"Organization","@id":"https:\/\/hu-care.ch\/de\/#organization","name":"Hu Care","url":"https:\/\/hu-care.ch\/de\/","logo":{"@type":"ImageObject","inLanguage":"de-DE","@id":"https:\/\/hu-care.ch\/de\/#\/schema\/logo\/image\/","url":"https:\/\/hu-care.ch\/wp-content\/uploads\/2023\/02\/hu_care.png","contentUrl":"https:\/\/hu-care.ch\/wp-content\/uploads\/2023\/02\/hu_care.png","width":1280,"height":1280,"caption":"Hu Care"},"image":{"@id":"https:\/\/hu-care.ch\/de\/#\/schema\/logo\/image\/"},"sameAs":["https:\/\/www.facebook.com\/people\/Cabinet-Manaia\/100086857133927\/","https:\/\/www.instagram.com\/_hu.care_\/","https:\/\/www.linkedin.com\/in\/natacha-soussan-a96721256\/?originalSubdomain=ch"]},{"@type":"Person","@id":"https:\/\/hu-care.ch\/de\/#\/schema\/person\/2db6a74e815de91000cc84e21aff9161","name":"Natacha","image":{"@type":"ImageObject","inLanguage":"de-DE","@id":"https:\/\/secure.gravatar.com\/avatar\/9583b178990b8597135b23a04b2762d52c7571877dcf8957b4659e0cc7bf1c17?s=96&d=mm&r=g","url":"https:\/\/secure.gravatar.com\/avatar\/9583b178990b8597135b23a04b2762d52c7571877dcf8957b4659e0cc7bf1c17?s=96&d=mm&r=g","contentUrl":"https:\/\/secure.gravatar.com\/avatar\/9583b178990b8597135b23a04b2762d52c7571877dcf8957b4659e0cc7bf1c17?s=96&d=mm&r=g","caption":"Natacha"},"sameAs":["https:\/\/hu-care.ch"]}]}},"_links":{"self":[{"href":"https:\/\/hu-care.ch\/de\/wp-json\/wp\/v2\/posts\/33100","targetHints":{"allow":["GET"]}}],"collection":[{"href":"https:\/\/hu-care.ch\/de\/wp-json\/wp\/v2\/posts"}],"about":[{"href":"https:\/\/hu-care.ch\/de\/wp-json\/wp\/v2\/types\/post"}],"author":[{"embeddable":true,"href":"https:\/\/hu-care.ch\/de\/wp-json\/wp\/v2\/users\/1"}],"replies":[{"embeddable":true,"href":"https:\/\/hu-care.ch\/de\/wp-json\/wp\/v2\/comments?post=33100"}],"version-history":[{"count":0,"href":"https:\/\/hu-care.ch\/de\/wp-json\/wp\/v2\/posts\/33100\/revisions"}],"wp:featuredmedia":[{"embeddable":true,"href":"https:\/\/hu-care.ch\/de\/wp-json\/wp\/v2\/media\/33077"}],"wp:attachment":[{"href":"https:\/\/hu-care.ch\/de\/wp-json\/wp\/v2\/media?parent=33100"}],"wp:term":[{"taxonomy":"category","embeddable":true,"href":"https:\/\/hu-care.ch\/de\/wp-json\/wp\/v2\/categories?post=33100"},{"taxonomy":"post_tag","embeddable":true,"href":"https:\/\/hu-care.ch\/de\/wp-json\/wp\/v2\/tags?post=33100"}],"curies":[{"name":"wp","href":"https:\/\/api.w.org\/{rel}","templated":true}]}}